{"id":978,"date":"2025-11-23T17:57:33","date_gmt":"2025-11-23T16:57:33","guid":{"rendered":"https:\/\/www.the-8th-art.com\/?p=978"},"modified":"2026-04-11T15:57:40","modified_gmt":"2026-04-11T13:57:40","slug":"katerina-makriyianni","status":"publish","type":"post","link":"https:\/\/www.the-8th-art.com\/?p=978","title":{"rendered":"Katerina Makriyianni"},"content":{"rendered":"\n<p><strong>Katerina Makriyianni c\u00e9l\u00e8bre dix ans de cr\u00e9ation \u00e0 Paris<\/strong><\/p>\n\n\n\n<p>La cr\u00e9atrice <strong>grecque Katerina Makriyianni<\/strong> a c\u00e9l\u00e9br\u00e9 \u00e0 Paris les dix ans de sa maison de bijoux, renouant ainsi avec la ville o\u00f9 son univers avait pour la premi\u00e8re fois rencontr\u00e9 le public international.<\/p>\n\n\n\n<p>L\u2019\u00e9v\u00e9nement s\u2019est tenu au c\u0153ur du Marais, chez Heureux les Curieux \u2013 un lieu d\u00e9di\u00e9 aux esprits ind\u00e9pendants et cr\u00e9atifs \u2013 transform\u00e9 pour l\u2019occasion en un espace \u00e9pur\u00e9, po\u00e9tique et vibrant de dialogues entre Paris et la Cr\u00e8te.<\/p>\n\n\n\n<p>La soir\u00e9e a r\u00e9uni journalistes mode, acheteurs, cr\u00e9ateurs de contenu influents, artistes, A-listers et membres de la communaut\u00e9 grecque de Paris, dans une atmosph\u00e8re \u00e0 la fois intime et cosmopolite.<\/p>\n\n\n\n<p><strong>L\u2019\u00e9nergie parisienne s\u2019est m\u00eal\u00e9e \u00e0 l\u2019esth\u00e9tique m\u00e9diterran\u00e9enne propre \u00e0 la cr\u00e9atrice, \u00e0 travers une pr\u00e9sentation contemporaine et minimaliste, centr\u00e9e sur le mat\u00e9riau fondateur de la marque : le fil.<\/strong><\/p>\n\n\n\n<figure class=\"wp-block-image size-large\"><img loading=\"lazy\" decoding=\"async\" width=\"942\" height=\"1024\" src=\"https:\/\/www.the-8th-art.com\/wp-content\/uploads\/2025\/11\/1-942x1024.jpg\" alt=\"\" class=\"wp-image-981\" srcset=\"https:\/\/www.the-8th-art.com\/wp-content\/uploads\/2025\/11\/1-942x1024.jpg 942w, https:\/\/www.the-8th-art.com\/wp-content\/uploads\/2025\/11\/1-276x300.jpg 276w, https:\/\/www.the-8th-art.com\/wp-content\/uploads\/2025\/11\/1-768x834.jpg 768w, https:\/\/www.the-8th-art.com\/wp-content\/uploads\/2025\/11\/1-1414x1536.jpg 1414w, https:\/\/www.the-8th-art.com\/wp-content\/uploads\/2025\/11\/1-1885x2048.jpg 1885w\" sizes=\"auto, (max-width: 942px) 100vw, 942px\" \/><\/figure>\n\n\n\n<p><strong>The Story of a Thread \u2013 La collection anniversaire<\/strong><\/p>\n\n\n\n<p>Pr\u00e9sent\u00e9e pour la premi\u00e8re fois \u00e0 Paris, la collection The Story of a Thread retrace l\u2019\u00e9volution de la pens\u00e9e cr\u00e9ative de <strong>Katerina Makriyianni<\/strong> \u00e0 travers les multiples m\u00e9tamorphoses du fil.<\/p>\n\n\n\n<p><strong>Soie, laine, attaches faites main et textures enveloppant le m\u00e9tal deviennent les instruments d\u2019un langage visuel singulier, o\u00f9 chaque pi\u00e8ce traduit un \u00e9quilibre entre intensit\u00e9 et l\u00e9g\u00e8ret\u00e9.<\/strong><\/p>\n\n\n\n<p>Les invit\u00e9s ont d\u00e9couvert une s\u00e9rie de boucles d\u2019oreilles-sculptures, bracelets statement, colliers orn\u00e9s de fils de soie et broches d\u00e9licates : autant d\u2019interventions sculpturales qui dessinent la silhouette et lui apportent rythme et caract\u00e8re.<\/p>\n\n\n\n<p>Les bijoux \u00e9taient pr\u00e9sent\u00e9s sur des socles sur mesure au design sobre, mettant en valeur la pr\u00e9cision des lignes et le savoir-faire de l\u2019atelier de La Can\u00e9e.<\/p>\n\n\n\n<figure class=\"wp-block-gallery has-nested-images columns-default is-cropped wp-block-gallery-1 is-layout-flex wp-block-gallery-is-layout-flex\">\n<figure class=\"wp-block-image size-large\"><img loading=\"lazy\" decoding=\"async\" width=\"745\" height=\"1024\" data-id=\"992\" src=\"https:\/\/www.the-8th-art.com\/wp-content\/uploads\/2025\/11\/2-2-745x1024.jpg\" alt=\"\" class=\"wp-image-992\" srcset=\"https:\/\/www.the-8th-art.com\/wp-content\/uploads\/2025\/11\/2-2-745x1024.jpg 745w, https:\/\/www.the-8th-art.com\/wp-content\/uploads\/2025\/11\/2-2-218x300.jpg 218w, https:\/\/www.the-8th-art.com\/wp-content\/uploads\/2025\/11\/2-2-768x1055.jpg 768w, https:\/\/www.the-8th-art.com\/wp-content\/uploads\/2025\/11\/2-2-1118x1536.jpg 1118w, https:\/\/www.the-8th-art.com\/wp-content\/uploads\/2025\/11\/2-2-1491x2048.jpg 1491w, https:\/\/www.the-8th-art.com\/wp-content\/uploads\/2025\/11\/2-2-scaled.jpg 1864w\" sizes=\"auto, (max-width: 745px) 100vw, 745px\" \/><\/figure>\n\n\n\n<figure class=\"wp-block-image size-large\"><img loading=\"lazy\" decoding=\"async\" width=\"1024\" height=\"648\" data-id=\"994\" src=\"https:\/\/www.the-8th-art.com\/wp-content\/uploads\/2025\/11\/3-2-1024x648.jpg\" alt=\"\" class=\"wp-image-994\" srcset=\"https:\/\/www.the-8th-art.com\/wp-content\/uploads\/2025\/11\/3-2-1024x648.jpg 1024w, https:\/\/www.the-8th-art.com\/wp-content\/uploads\/2025\/11\/3-2-300x190.jpg 300w, https:\/\/www.the-8th-art.com\/wp-content\/uploads\/2025\/11\/3-2-768x486.jpg 768w, https:\/\/www.the-8th-art.com\/wp-content\/uploads\/2025\/11\/3-2-1536x972.jpg 1536w, https:\/\/www.the-8th-art.com\/wp-content\/uploads\/2025\/11\/3-2-2048x1296.jpg 2048w\" sizes=\"auto, (max-width: 1024px) 100vw, 1024px\" \/><\/figure>\n\n\n\n<figure class=\"wp-block-image size-large\"><img loading=\"lazy\" decoding=\"async\" width=\"925\" height=\"1024\" data-id=\"995\" src=\"https:\/\/www.the-8th-art.com\/wp-content\/uploads\/2025\/11\/4-1-925x1024.jpg\" alt=\"\" class=\"wp-image-995\" srcset=\"https:\/\/www.the-8th-art.com\/wp-content\/uploads\/2025\/11\/4-1-925x1024.jpg 925w, https:\/\/www.the-8th-art.com\/wp-content\/uploads\/2025\/11\/4-1-271x300.jpg 271w, https:\/\/www.the-8th-art.com\/wp-content\/uploads\/2025\/11\/4-1-768x850.jpg 768w, https:\/\/www.the-8th-art.com\/wp-content\/uploads\/2025\/11\/4-1-1388x1536.jpg 1388w, https:\/\/www.the-8th-art.com\/wp-content\/uploads\/2025\/11\/4-1-1851x2048.jpg 1851w\" sizes=\"auto, (max-width: 925px) 100vw, 925px\" \/><\/figure>\n\n\n\n<figure class=\"wp-block-image size-large\"><img loading=\"lazy\" decoding=\"async\" width=\"1024\" height=\"540\" data-id=\"988\" src=\"https:\/\/www.the-8th-art.com\/wp-content\/uploads\/2025\/11\/5-1024x540.jpg\" alt=\"\" class=\"wp-image-988\" srcset=\"https:\/\/www.the-8th-art.com\/wp-content\/uploads\/2025\/11\/5-1024x540.jpg 1024w, https:\/\/www.the-8th-art.com\/wp-content\/uploads\/2025\/11\/5-300x158.jpg 300w, https:\/\/www.the-8th-art.com\/wp-content\/uploads\/2025\/11\/5-768x405.jpg 768w, https:\/\/www.the-8th-art.com\/wp-content\/uploads\/2025\/11\/5-1536x810.jpg 1536w, https:\/\/www.the-8th-art.com\/wp-content\/uploads\/2025\/11\/5-2048x1080.jpg 2048w\" sizes=\"auto, (max-width: 1024px) 100vw, 1024px\" \/><\/figure>\n\n\n\n<figure class=\"wp-block-image size-large\"><img loading=\"lazy\" decoding=\"async\" width=\"1024\" height=\"481\" data-id=\"996\" src=\"https:\/\/www.the-8th-art.com\/wp-content\/uploads\/2025\/11\/6-1-1024x481.jpg\" alt=\"\" class=\"wp-image-996\" srcset=\"https:\/\/www.the-8th-art.com\/wp-content\/uploads\/2025\/11\/6-1-1024x481.jpg 1024w, https:\/\/www.the-8th-art.com\/wp-content\/uploads\/2025\/11\/6-1-300x141.jpg 300w, https:\/\/www.the-8th-art.com\/wp-content\/uploads\/2025\/11\/6-1-768x361.jpg 768w, https:\/\/www.the-8th-art.com\/wp-content\/uploads\/2025\/11\/6-1-1536x722.jpg 1536w, https:\/\/www.the-8th-art.com\/wp-content\/uploads\/2025\/11\/6-1-2048x963.jpg 2048w\" sizes=\"auto, (max-width: 1024px) 100vw, 1024px\" \/><\/figure>\n\n\n\n<figure class=\"wp-block-image size-large\"><img loading=\"lazy\" decoding=\"async\" width=\"1024\" height=\"883\" data-id=\"999\" src=\"https:\/\/www.the-8th-art.com\/wp-content\/uploads\/2025\/11\/8-1-1024x883.jpg\" alt=\"\" class=\"wp-image-999\" srcset=\"https:\/\/www.the-8th-art.com\/wp-content\/uploads\/2025\/11\/8-1-1024x883.jpg 1024w, https:\/\/www.the-8th-art.com\/wp-content\/uploads\/2025\/11\/8-1-300x259.jpg 300w, https:\/\/www.the-8th-art.com\/wp-content\/uploads\/2025\/11\/8-1-768x662.jpg 768w, https:\/\/www.the-8th-art.com\/wp-content\/uploads\/2025\/11\/8-1-1536x1324.jpg 1536w, https:\/\/www.the-8th-art.com\/wp-content\/uploads\/2025\/11\/8-1-2048x1766.jpg 2048w\" sizes=\"auto, (max-width: 1024px) 100vw, 1024px\" \/><\/figure>\n\n\n\n<figure class=\"wp-block-image size-large\"><img loading=\"lazy\" decoding=\"async\" width=\"1024\" height=\"829\" data-id=\"1000\" src=\"https:\/\/www.the-8th-art.com\/wp-content\/uploads\/2025\/11\/9-1-1024x829.jpg\" alt=\"\" class=\"wp-image-1000\" srcset=\"https:\/\/www.the-8th-art.com\/wp-content\/uploads\/2025\/11\/9-1-1024x829.jpg 1024w, https:\/\/www.the-8th-art.com\/wp-content\/uploads\/2025\/11\/9-1-300x243.jpg 300w, https:\/\/www.the-8th-art.com\/wp-content\/uploads\/2025\/11\/9-1-768x621.jpg 768w, https:\/\/www.the-8th-art.com\/wp-content\/uploads\/2025\/11\/9-1-1536x1243.jpg 1536w, https:\/\/www.the-8th-art.com\/wp-content\/uploads\/2025\/11\/9-1-2048x1657.jpg 2048w\" sizes=\"auto, (max-width: 1024px) 100vw, 1024px\" \/><\/figure>\n\n\n\n<figure class=\"wp-block-image size-large\"><img loading=\"lazy\" decoding=\"async\" width=\"772\" height=\"1024\" data-id=\"1001\" src=\"https:\/\/www.the-8th-art.com\/wp-content\/uploads\/2025\/11\/10-1-772x1024.jpg\" alt=\"\" class=\"wp-image-1001\" srcset=\"https:\/\/www.the-8th-art.com\/wp-content\/uploads\/2025\/11\/10-1-772x1024.jpg 772w, https:\/\/www.the-8th-art.com\/wp-content\/uploads\/2025\/11\/10-1-226x300.jpg 226w, https:\/\/www.the-8th-art.com\/wp-content\/uploads\/2025\/11\/10-1-768x1019.jpg 768w, https:\/\/www.the-8th-art.com\/wp-content\/uploads\/2025\/11\/10-1-1157x1536.jpg 1157w, https:\/\/www.the-8th-art.com\/wp-content\/uploads\/2025\/11\/10-1-1543x2048.jpg 1543w, https:\/\/www.the-8th-art.com\/wp-content\/uploads\/2025\/11\/10-1-scaled.jpg 1929w\" sizes=\"auto, (max-width: 772px) 100vw, 772px\" \/><\/figure>\n\n\n\n<figure class=\"wp-block-image size-large\"><img loading=\"lazy\" decoding=\"async\" width=\"753\" height=\"1024\" data-id=\"1003\" src=\"https:\/\/www.the-8th-art.com\/wp-content\/uploads\/2025\/11\/12-753x1024.jpg\" alt=\"\" class=\"wp-image-1003\" srcset=\"https:\/\/www.the-8th-art.com\/wp-content\/uploads\/2025\/11\/12-753x1024.jpg 753w, https:\/\/www.the-8th-art.com\/wp-content\/uploads\/2025\/11\/12-221x300.jpg 221w, https:\/\/www.the-8th-art.com\/wp-content\/uploads\/2025\/11\/12-768x1044.jpg 768w, https:\/\/www.the-8th-art.com\/wp-content\/uploads\/2025\/11\/12-1130x1536.jpg 1130w, https:\/\/www.the-8th-art.com\/wp-content\/uploads\/2025\/11\/12-1506x2048.jpg 1506w, https:\/\/www.the-8th-art.com\/wp-content\/uploads\/2025\/11\/12-scaled.jpg 1883w\" sizes=\"auto, (max-width: 753px) 100vw, 753px\" \/><\/figure>\n<\/figure>\n\n\n\n<p><strong>L\u2019art du fil<\/strong><\/p>\n\n\n\n<p>Dans cette collection anniversaire, le fil devient un outil de design \u00e0 part enti\u00e8re.<\/p>\n\n\n\n<p>D\u2019abord \u00e9l\u00e9ment chromatique, il prend une nouvelle dimension : il dessine des courbes, suit le mouvement du corps, cr\u00e9e des rythmes dans l\u2019espace.<\/p>\n\n\n\n<p>Son dialogue avec le laiton et l\u2019argent \u00e9voque une rencontre entre le doux et le brillant, le souple et le solide.<\/p>\n\n\n\n<p>Les pi\u00e8ces gagnent en volume sans perdre en l\u00e9g\u00e8ret\u00e9, demeurant pr\u00e9sentes sans jamais \u00eatre imposantes.<\/p>\n\n\n\n<p>Les nuances \u2014 rouge signature, bleu profond, vert intense, bordeaux et teintes terreuses \u2014 ne sont pas de simples couleurs : elles animent la mati\u00e8re et insufflent \u00e0 chaque bijou \u00e9motion et vitalit\u00e9.<\/p>\n\n\n\n<p><strong>La couleur ne repose pas sur la pi\u00e8ce : elle vit avec elle.<\/strong><\/p>\n\n\n\n<figure class=\"wp-block-gallery has-nested-images columns-default is-cropped wp-block-gallery-2 is-layout-flex wp-block-gallery-is-layout-flex\">\n<figure class=\"wp-block-image size-large\"><img loading=\"lazy\" decoding=\"async\" width=\"766\" height=\"1024\" data-id=\"1017\" src=\"https:\/\/www.the-8th-art.com\/wp-content\/uploads\/2025\/11\/14-2-766x1024.jpg\" alt=\"\" class=\"wp-image-1017\" srcset=\"https:\/\/www.the-8th-art.com\/wp-content\/uploads\/2025\/11\/14-2-766x1024.jpg 766w, https:\/\/www.the-8th-art.com\/wp-content\/uploads\/2025\/11\/14-2-224x300.jpg 224w, https:\/\/www.the-8th-art.com\/wp-content\/uploads\/2025\/11\/14-2-768x1026.jpg 768w, https:\/\/www.the-8th-art.com\/wp-content\/uploads\/2025\/11\/14-2-1149x1536.jpg 1149w, https:\/\/www.the-8th-art.com\/wp-content\/uploads\/2025\/11\/14-2.jpg 1474w\" sizes=\"auto, (max-width: 766px) 100vw, 766px\" \/><\/figure>\n\n\n\n<figure class=\"wp-block-image size-large\"><img loading=\"lazy\" decoding=\"async\" width=\"1024\" height=\"829\" data-id=\"1018\" src=\"https:\/\/www.the-8th-art.com\/wp-content\/uploads\/2025\/11\/15-1-1024x829.jpg\" alt=\"\" class=\"wp-image-1018\" srcset=\"https:\/\/www.the-8th-art.com\/wp-content\/uploads\/2025\/11\/15-1-1024x829.jpg 1024w, https:\/\/www.the-8th-art.com\/wp-content\/uploads\/2025\/11\/15-1-300x243.jpg 300w, https:\/\/www.the-8th-art.com\/wp-content\/uploads\/2025\/11\/15-1-768x622.jpg 768w, https:\/\/www.the-8th-art.com\/wp-content\/uploads\/2025\/11\/15-1.jpg 1406w\" sizes=\"auto, (max-width: 1024px) 100vw, 1024px\" \/><\/figure>\n<\/figure>\n\n\n\n<p><strong>Une soir\u00e9e entre Paris et la Cr\u00e8te<\/strong><\/p>\n\n\n\n<p>L\u2019exp\u00e9rience sensorielle s\u2019est prolong\u00e9e par une d\u00e9gustation de vins du domaine Dourakis et de sp\u00e9cialit\u00e9s cr\u00e9toises venues directement de l\u2019\u00eele, offrant aux invit\u00e9s un avant-go\u00fbt de l\u2019hospitalit\u00e9 et de la chaleur du lieu o\u00f9 Katerina Makriyianni choisit de vivre et de cr\u00e9er.<\/p>\n\n\n\n<p>Ce dialogue entre les deux cultures, fran\u00e7aise et grecque, a incarn\u00e9 \u00e0 merveille la philosophie de la marque : une cr\u00e9ation enracin\u00e9e mais ouverte, locale dans l\u2019\u00e2me, universelle dans l\u2019expression.<\/p>\n\n\n\n<p>credit photo: W. MARIOT &#8211; L&rsquo;AGENCE 12 l 22<\/p>\n\n\n\n<p><strong>\u00c0 propos de Katerina Makriyianni<\/strong><\/p>\n\n\n\n<p>Bas\u00e9e \u00e0 La Can\u00e9e, en Cr\u00e8te, Katerina Makriyianni cr\u00e9e des bijoux qui explorent la relation entre la couleur, la mati\u00e8re et la forme artisanale.<\/p>\n\n\n\n<p>Son atelier familial, fond\u00e9 sur une approche \u00e0 la fois intuitive et rigoureuse du geste, est au c\u0153ur de chaque collection.<\/p>\n\n\n\n<p>Connue pour son usage signature du fil color\u00e9, la marque s\u2019est impos\u00e9e comme un symbole de cr\u00e9ation grecque contemporaine.<\/p>\n\n\n\n<p>Ses bijoux ont \u00e9t\u00e9 pr\u00e9sent\u00e9s sur des plateformes et dans des collaborations internationales prestigieuses, notamment avec Net-a-Porter et Christian Louboutin, et sont aujourd\u2019hui disponibles dans une s\u00e9lection de boutiques en Gr\u00e8ce et \u00e0 l\u2019\u00e9tranger.<\/p>\n\n\n\n<figure class=\"wp-block-image size-large\"><img loading=\"lazy\" decoding=\"async\" width=\"1021\" height=\"1024\" src=\"https:\/\/www.the-8th-art.com\/wp-content\/uploads\/2025\/11\/11-1021x1024.jpg\" alt=\"\" class=\"wp-image-1006\" srcset=\"https:\/\/www.the-8th-art.com\/wp-content\/uploads\/2025\/11\/11-1021x1024.jpg 1021w, https:\/\/www.the-8th-art.com\/wp-content\/uploads\/2025\/11\/11-300x300.jpg 300w, https:\/\/www.the-8th-art.com\/wp-content\/uploads\/2025\/11\/11-150x150.jpg 150w, https:\/\/www.the-8th-art.com\/wp-content\/uploads\/2025\/11\/11-768x770.jpg 768w, https:\/\/www.the-8th-art.com\/wp-content\/uploads\/2025\/11\/11-1532x1536.jpg 1532w, https:\/\/www.the-8th-art.com\/wp-content\/uploads\/2025\/11\/11-2043x2048.jpg 2043w, https:\/\/www.the-8th-art.com\/wp-content\/uploads\/2025\/11\/11-435x435.jpg 435w\" sizes=\"auto, (max-width: 1021px) 100vw, 1021px\" \/><\/figure>\n\n\n\n<p>credit photo: W. MARIOT<\/p>\n\n\n\n<p>L&rsquo;AGENCE 12 l 22 <a href=\"https:\/\/lagence1222.com\/\">https:\/\/lagence1222.com\/<\/a><\/p>\n\n\n\n<p><a href=\"https:\/\/katerinamakriyianni.com\">https:\/\/katerinamakriyianni.com<\/a><\/p>\n\n\n\n<p><\/p>\n","protected":false},"excerpt":{"rendered":"<p>Katerina Makriyianni c\u00e9l\u00e8bre dix ans de cr\u00e9ation \u00e0 Paris La cr\u00e9atrice grecque Katerina Makriyianni a c\u00e9l\u00e9br\u00e9 \u00e0 Paris les dix ans de sa maison de bijoux, renouant ainsi avec la ville o\u00f9 son univers avait pour la premi\u00e8re fois rencontr\u00e9 le public international. L\u2019\u00e9v\u00e9nement s\u2019est tenu au c\u0153ur du Marais, chez Heureux les Curieux \u2013 &hellip; <\/p>\n","protected":false},"author":1,"featured_media":979,"comment_status":"closed","ping_status":"open","sticky":false,"template":"","format":"standard","meta":{"footnotes":""},"categories":[30,33,32,31],"tags":[],"class_list":["post-978","post","type-post","status-publish","format-standard","has-post-thumbnail","hentry","category-art","category-bijoux","category-crete","category-paris"],"_links":{"self":[{"href":"https:\/\/www.the-8th-art.com\/index.php?rest_route=\/wp\/v2\/posts\/978","targetHints":{"allow":["GET"]}}],"collection":[{"href":"https:\/\/www.the-8th-art.com\/index.php?rest_route=\/wp\/v2\/posts"}],"about":[{"href":"https:\/\/www.the-8th-art.com\/index.php?rest_route=\/wp\/v2\/types\/post"}],"author":[{"embeddable":true,"href":"https:\/\/www.the-8th-art.com\/index.php?rest_route=\/wp\/v2\/users\/1"}],"replies":[{"embeddable":true,"href":"https:\/\/www.the-8th-art.com\/index.php?rest_route=%2Fwp%2Fv2%2Fcomments&post=978"}],"version-history":[{"count":6,"href":"https:\/\/www.the-8th-art.com\/index.php?rest_route=\/wp\/v2\/posts\/978\/revisions"}],"predecessor-version":[{"id":1480,"href":"https:\/\/www.the-8th-art.com\/index.php?rest_route=\/wp\/v2\/posts\/978\/revisions\/1480"}],"wp:featuredmedia":[{"embeddable":true,"href":"https:\/\/www.the-8th-art.com\/index.php?rest_route=\/wp\/v2\/media\/979"}],"wp:attachment":[{"href":"https:\/\/www.the-8th-art.com\/index.php?rest_route=%2Fwp%2Fv2%2Fmedia&parent=978"}],"wp:term":[{"taxonomy":"category","embeddable":true,"href":"https:\/\/www.the-8th-art.com\/index.php?rest_route=%2Fwp%2Fv2%2Fcategories&post=978"},{"taxonomy":"post_tag","embeddable":true,"href":"https:\/\/www.the-8th-art.com\/index.php?rest_route=%2Fwp%2Fv2%2Ftags&post=978"}],"curies":[{"name":"wp","href":"https:\/\/api.w.org\/{rel}","templated":true}]}}