{"id":1021,"date":"2025-12-02T18:30:35","date_gmt":"2025-12-02T17:30:35","guid":{"rendered":"https:\/\/www.the-8th-art.com\/?p=1021"},"modified":"2025-12-10T19:48:44","modified_gmt":"2025-12-10T18:48:44","slug":"inclover-presente-une-elegance-maitrisee-a-la-paris-fashion-week-2025","status":"publish","type":"post","link":"https:\/\/www.the-8th-art.com\/?p=1021","title":{"rendered":"INCLOVER (TAMYR) : entre h\u00e9ritage kazakh et haute couture parisienne"},"content":{"rendered":"\n<figure class=\"wp-block-embed is-type-video is-provider-youtube wp-block-embed-youtube wp-embed-aspect-16-9 wp-has-aspect-ratio\"><div class=\"wp-block-embed__wrapper\">\n<iframe loading=\"lazy\" title=\"INCLOVER \u2013 Le D\u00e9fil\u00e9 Surprise de la Paris Fashion Week 2025 au Centre Culturel de Chine | Runway 5\" width=\"1020\" height=\"574\" src=\"https:\/\/www.youtube.com\/embed\/Hg9K59-l9_k?feature=oembed\" frameborder=\"0\" allow=\"accelerometer; autoplay; clipboard-write; encrypted-media; gyroscope; picture-in-picture; web-share\" referrerpolicy=\"strict-origin-when-cross-origin\" allowfullscreen><\/iframe>\n<\/div><\/figure>\n\n\n\n<p>Lors de la r\u00e9cente Paris Haute Couture Fashion Week 2025, la maison Inclover a pr\u00e9sent\u00e9 sa collection printemps-\u00e9t\u00e9 sous le nom de \u201cTAMYR\u201d. Signifiant \u201cracine\u201d en kazakh, le nom incarne l\u2019\u00e2me du projet : une fusion assum\u00e9e entre l\u2019h\u00e9ritage culturel kazakh et les aspirations de la femme contemporaine.<\/p>\n\n\n\n<figure class=\"wp-block-embed is-type-video is-provider-youtube wp-block-embed-youtube wp-embed-aspect-16-9 wp-has-aspect-ratio\"><div class=\"wp-block-embed__wrapper\">\n<iframe loading=\"lazy\" title=\"INCLOVER \u2013 Le D\u00e9fil\u00e9 Surprise de la Paris Fashion Week 2025 au Centre Culturel de Chine |  Runway 1 \" width=\"1020\" height=\"574\" src=\"https:\/\/www.youtube.com\/embed\/BKOy-INU-UY?feature=oembed\" frameborder=\"0\" allow=\"accelerometer; autoplay; clipboard-write; encrypted-media; gyroscope; picture-in-picture; web-share\" referrerpolicy=\"strict-origin-when-cross-origin\" allowfullscreen><\/iframe>\n<\/div><\/figure>\n\n\n\n<p>Cr\u00e9\u00e9e par la styliste Gaziza Shabdarbayeva, la collection m\u00eale dentelle, organza, macram\u00e9, perles et lam\u00e9 \u2014 un travail minutieux sur les mati\u00e8res qui vise \u00e0 rendre hommage aux traditions artisanales tout en proposant des coupes modernes.<\/p>\n\n\n\n<figure class=\"wp-block-embed is-type-video is-provider-youtube wp-block-embed-youtube wp-embed-aspect-16-9 wp-has-aspect-ratio\"><div class=\"wp-block-embed__wrapper\">\n<iframe loading=\"lazy\" title=\"INCLOVER \u2013 Le D\u00e9fil\u00e9 Surprise de la Paris Fashion Week 2025 au Centre Culturel de Chine | Runway 4\" width=\"1020\" height=\"574\" src=\"https:\/\/www.youtube.com\/embed\/JLb-RF-_69Q?feature=oembed\" frameborder=\"0\" allow=\"accelerometer; autoplay; clipboard-write; encrypted-media; gyroscope; picture-in-picture; web-share\" referrerpolicy=\"strict-origin-when-cross-origin\" allowfullscreen><\/iframe>\n<\/div><\/figure>\n\n\n\n<p>Les robes, tenues de soir\u00e9e, voire v\u00eatements plus quotidiens, oscillent entre \u00e9l\u00e9gance intemporelle et identit\u00e9s visuelles fortes, teint\u00e9es d\u2019\u00e9l\u00e9ments culturels comme des motifs inspir\u00e9s du \u201cshanyrak\u201d (couronne de yourte) ou de symboles embl\u00e9matiques \u2013 un clin d\u2019\u0153il explicite aux racines de la cr\u00e9atrice.<\/p>\n\n\n\n<figure class=\"wp-block-embed is-type-video is-provider-youtube wp-block-embed-youtube wp-embed-aspect-16-9 wp-has-aspect-ratio\"><div class=\"wp-block-embed__wrapper\">\n<iframe loading=\"lazy\" title=\"INCLOVER \u2013 Le D\u00e9fil\u00e9 Surprise de la Paris Fashion Week 2025 au Centre Culturel de Chine | Runway 6\" width=\"1020\" height=\"574\" src=\"https:\/\/www.youtube.com\/embed\/XNcQ76v-rZg?feature=oembed\" frameborder=\"0\" allow=\"accelerometer; autoplay; clipboard-write; encrypted-media; gyroscope; picture-in-picture; web-share\" referrerpolicy=\"strict-origin-when-cross-origin\" allowfullscreen><\/iframe>\n<\/div><\/figure>\n\n\n\n<p>Avec \u201cTAMYR\u201d, Inclover affirme sa volont\u00e9 d\u2019apporter une voix originale dans l\u2019univers de la haute couture, loin du classicisme attendu, en proposant une narration forte, fond\u00e9e sur l\u2019identit\u00e9, le patrimoine et la modernit\u00e9.<\/p>\n\n\n\n<figure class=\"wp-block-embed is-type-video is-provider-youtube wp-block-embed-youtube wp-embed-aspect-16-9 wp-has-aspect-ratio\"><div class=\"wp-block-embed__wrapper\">\n<iframe loading=\"lazy\" title=\"INCLOVER \u2013 Le D\u00e9fil\u00e9 Surprise de la Paris Fashion Week 2025 au Centre Culturel de Chine |  Runway 2\" width=\"1020\" height=\"574\" src=\"https:\/\/www.youtube.com\/embed\/nCCFFmP7HA8?feature=oembed\" frameborder=\"0\" allow=\"accelerometer; autoplay; clipboard-write; encrypted-media; gyroscope; picture-in-picture; web-share\" referrerpolicy=\"strict-origin-when-cross-origin\" allowfullscreen><\/iframe>\n<\/div><\/figure>\n\n\n\n<figure class=\"wp-block-embed is-type-video is-provider-youtube wp-block-embed-youtube wp-embed-aspect-16-9 wp-has-aspect-ratio\"><div class=\"wp-block-embed__wrapper\">\n<iframe loading=\"lazy\" title=\"INCLOVER \u2013 Le D\u00e9fil\u00e9 Surprise de la Paris Fashion Week 2025 au Centre Culturel de Chine | Runway 3\" width=\"1020\" height=\"574\" src=\"https:\/\/www.youtube.com\/embed\/SyQBw-s6wa0?feature=oembed\" frameborder=\"0\" allow=\"accelerometer; autoplay; clipboard-write; encrypted-media; gyroscope; picture-in-picture; web-share\" referrerpolicy=\"strict-origin-when-cross-origin\" allowfullscreen><\/iframe>\n<\/div><\/figure>\n\n\n\n<p><\/p>\n\n\n\n<p>CHIKH Larbi<\/p>\n\n\n\n<p><\/p>\n\n\n\n<p>Production &amp; Relations Presse:  M\u00e9phistoph\u00e9l\u00e8s Productions<\/p>\n\n\n\n<p>Cr\u00e9dits vid\u00e9o : CHIKH Larbi<\/p>\n","protected":false},"excerpt":{"rendered":"<p>Lors de la r\u00e9cente Paris Haute Couture Fashion Week 2025, la maison Inclover a pr\u00e9sent\u00e9 sa collection printemps-\u00e9t\u00e9 sous le nom de \u201cTAMYR\u201d. Signifiant \u201cracine\u201d en kazakh, le nom incarne l\u2019\u00e2me du projet : une fusion assum\u00e9e entre l\u2019h\u00e9ritage culturel kazakh et les aspirations de la femme contemporaine. Cr\u00e9\u00e9e par la styliste Gaziza Shabdarbayeva, la &hellip; <\/p>\n","protected":false},"author":1,"featured_media":1022,"comment_status":"closed","ping_status":"open","sticky":false,"template":"","format":"standard","meta":{"footnotes":""},"categories":[4,34,28,27],"tags":[],"class_list":["post-1021","post","type-post","status-publish","format-standard","has-post-thumbnail","hentry","category-haute-couture","category-inclover","category-mephistopheles-productions","category-paris-fashion-weeh"],"_links":{"self":[{"href":"https:\/\/www.the-8th-art.com\/index.php?rest_route=\/wp\/v2\/posts\/1021","targetHints":{"allow":["GET"]}}],"collection":[{"href":"https:\/\/www.the-8th-art.com\/index.php?rest_route=\/wp\/v2\/posts"}],"about":[{"href":"https:\/\/www.the-8th-art.com\/index.php?rest_route=\/wp\/v2\/types\/post"}],"author":[{"embeddable":true,"href":"https:\/\/www.the-8th-art.com\/index.php?rest_route=\/wp\/v2\/users\/1"}],"replies":[{"embeddable":true,"href":"https:\/\/www.the-8th-art.com\/index.php?rest_route=%2Fwp%2Fv2%2Fcomments&post=1021"}],"version-history":[{"count":4,"href":"https:\/\/www.the-8th-art.com\/index.php?rest_route=\/wp\/v2\/posts\/1021\/revisions"}],"predecessor-version":[{"id":1036,"href":"https:\/\/www.the-8th-art.com\/index.php?rest_route=\/wp\/v2\/posts\/1021\/revisions\/1036"}],"wp:featuredmedia":[{"embeddable":true,"href":"https:\/\/www.the-8th-art.com\/index.php?rest_route=\/wp\/v2\/media\/1022"}],"wp:attachment":[{"href":"https:\/\/www.the-8th-art.com\/index.php?rest_route=%2Fwp%2Fv2%2Fmedia&parent=1021"}],"wp:term":[{"taxonomy":"category","embeddable":true,"href":"https:\/\/www.the-8th-art.com\/index.php?rest_route=%2Fwp%2Fv2%2Fcategories&post=1021"},{"taxonomy":"post_tag","embeddable":true,"href":"https:\/\/www.the-8th-art.com\/index.php?rest_route=%2Fwp%2Fv2%2Ftags&post=1021"}],"curies":[{"name":"wp","href":"https:\/\/api.w.org\/{rel}","templated":true}]}}